{"id":1011,"date":"2015-07-16T07:55:53","date_gmt":"2015-07-16T05:55:53","guid":{"rendered":"http:\/\/www.christophbeer.de\/data\/dpsg\/stamm\/?p=1011"},"modified":"2026-01-05T21:19:07","modified_gmt":"2026-01-05T20:19:07","slug":"achtung-vorerst-letzte-chance-vereinskleidung","status":"publish","type":"post","link":"https:\/\/www.christophbeer.de\/data\/dpsg\/stamm_02\/2015\/07\/16\/achtung-vorerst-letzte-chance-vereinskleidung\/","title":{"rendered":"ACHTUNG! Vorerst letzte CHANCE! &#8211; Vereinskleidung!"},"content":{"rendered":"<p>&nbsp;<\/p>\n<p>Liebe Pfadfinderinnen, liebe Pfadfinder,<img loading=\"lazy\" decoding=\"async\" class=\"alignright wp-image-1012 size-medium\" src=\"http:\/\/www.christophbeer.de\/data\/dpsg\/stamm_02\/wp-content\/uploads\/2015\/07\/20150716_074120_2-159x300.jpg\" alt=\"20150716_074120_2\" width=\"159\" height=\"300\" srcset=\"https:\/\/www.christophbeer.de\/data\/dpsg\/stamm_02\/wp-content\/uploads\/2015\/07\/20150716_074120_2-159x300.jpg 159w, https:\/\/www.christophbeer.de\/data\/dpsg\/stamm_02\/wp-content\/uploads\/2015\/07\/20150716_074120_2-768x1453.jpg 768w, https:\/\/www.christophbeer.de\/data\/dpsg\/stamm_02\/wp-content\/uploads\/2015\/07\/20150716_074120_2-541x1024.jpg 541w, https:\/\/www.christophbeer.de\/data\/dpsg\/stamm_02\/wp-content\/uploads\/2015\/07\/20150716_074120_2.jpg 1698w\" sizes=\"auto, (max-width: 159px) 100vw, 159px\" \/><\/p>\n<p>da einige von euch noch Pullover, Shirts oder Kluften nachbestellen wollten, werden wir noch mal einen <strong>ALLGEMEINEN AUFRUF<\/strong> zur Bestellung zu machen.<\/p>\n<h4 style=\"text-align: center;\"><span style=\"color: #ff0000;\">W\u00e4hrend des <strong>Pfarrfests am 19.Juli<\/strong> liegt eine Liste bereit, mit welcher man noch Kleidung nachbestellen kann. Am Tag liegen auch Probegr\u00f6\u00dfen bereit, wenn ihr wegen der Gr\u00f6\u00dfe nicht sicher seid.<\/span><\/h4>\n<h4><span style=\"color: #008000;\">Deswegen kommt hier nochmal ganz offiziell die &#8230;<\/span><br \/>\n<span style=\"color: #008000;\">&#8230; <strong>EINLADUNG ZUM PFARRFEST<\/strong><\/span><\/h4>\n<p>Alle Pfadfinder, von W\u00f6lfling bis Rover, sind ganz herzlich zum <strong>Pfarrfest<\/strong> am <strong>19.07.2015<\/strong> eingeladen. Um <strong>10.30 Uhr<\/strong> findet der <strong>Festgottesdienst<\/strong> statt. Danach gibt es Mittagessen. Nachmittags gibt es buntes Programm im Pfarrgarten mit Tombola und Kaffee und verschiedenen Schmankerln.<\/p>\n<p><a href=\"http:\/\/www.christophbeer.de\/data\/dpsg\/stamm_02\/wp-content\/uploads\/2015\/07\/Pfarrfest_Comic.jpg\"><img loading=\"lazy\" decoding=\"async\" class=\"alignleft wp-image-1014 \" src=\"http:\/\/www.christophbeer.de\/data\/dpsg\/stamm_02\/wp-content\/uploads\/2015\/07\/Pfarrfest_Comic-300x252.jpg\" alt=\"Pfarrfest_Comic\" width=\"221\" height=\"186\" srcset=\"https:\/\/www.christophbeer.de\/data\/dpsg\/stamm_02\/wp-content\/uploads\/2015\/07\/Pfarrfest_Comic-300x252.jpg 300w, https:\/\/www.christophbeer.de\/data\/dpsg\/stamm_02\/wp-content\/uploads\/2015\/07\/Pfarrfest_Comic.jpg 585w\" sizes=\"auto, (max-width: 221px) 100vw, 221px\" \/><\/a>Die Pfadfinder werden einen Teil der Kinderbelustigung \u00fcbernehmen: Es wird Stockbrot geben, Kinderschminken und Airbrush-Tattoos vom Profi!<\/p>\n<p>Abends wird im <strong>Abendlob<\/strong> um <strong>17 Uhr<\/strong> das Priesterjubil\u00e4um unseres Pfarrers Hubert Bartl gefeiert.<\/p>\n<p>&nbsp;<\/p>\n<p><em>Also freut euch auf einen tollen Tag im Pfarrgarten!<\/em><\/p>\n<p>&nbsp;<\/p>\n<p><em>Bis dahin Gut Pfad,<\/em><\/p>\n<p><em>die Leiterrunde <\/em><\/p>\n","protected":false},"excerpt":{"rendered":"<p>&nbsp; Liebe Pfadfinderinnen, liebe Pfadfinder, da einige von euch noch Pullover, Shirts oder Kluften nachbestellen wollten, werden wir noch mal einen ALLGEMEINEN AUFRUF zur Bestellung zu machen. W\u00e4hrend des Pfarrfests am 19.Juli liegt eine Liste bereit, mit welcher man noch Kleidung nachbestellen kann. Am Tag liegen auch Probegr\u00f6\u00dfen bereit, wenn ihr wegen der Gr\u00f6\u00dfe nicht [&hellip;]<\/p>\n","protected":false},"author":4,"featured_media":0,"comment_status":"closed","ping_status":"closed","sticky":false,"template":"","format":"standard","meta":{"footnotes":""},"categories":[40,25],"tags":[7,9],"class_list":["post-1011","post","type-post","status-publish","format-standard","hentry","category-40","category-allgemeines","tag-aktion","tag-jubilaeum"],"_links":{"self":[{"href":"https:\/\/www.christophbeer.de\/data\/dpsg\/stamm_02\/wp-json\/wp\/v2\/posts\/1011","targetHints":{"allow":["GET"]}}],"collection":[{"href":"https:\/\/www.christophbeer.de\/data\/dpsg\/stamm_02\/wp-json\/wp\/v2\/posts"}],"about":[{"href":"https:\/\/www.christophbeer.de\/data\/dpsg\/stamm_02\/wp-json\/wp\/v2\/types\/post"}],"author":[{"embeddable":true,"href":"https:\/\/www.christophbeer.de\/data\/dpsg\/stamm_02\/wp-json\/wp\/v2\/users\/4"}],"replies":[{"embeddable":true,"href":"https:\/\/www.christophbeer.de\/data\/dpsg\/stamm_02\/wp-json\/wp\/v2\/comments?post=1011"}],"version-history":[{"count":1,"href":"https:\/\/www.christophbeer.de\/data\/dpsg\/stamm_02\/wp-json\/wp\/v2\/posts\/1011\/revisions"}],"predecessor-version":[{"id":1574,"href":"https:\/\/www.christophbeer.de\/data\/dpsg\/stamm_02\/wp-json\/wp\/v2\/posts\/1011\/revisions\/1574"}],"wp:attachment":[{"href":"https:\/\/www.christophbeer.de\/data\/dpsg\/stamm_02\/wp-json\/wp\/v2\/media?parent=1011"}],"wp:term":[{"taxonomy":"category","embeddable":true,"href":"https:\/\/www.christophbeer.de\/data\/dpsg\/stamm_02\/wp-json\/wp\/v2\/categories?post=1011"},{"taxonomy":"post_tag","embeddable":true,"href":"https:\/\/www.christophbeer.de\/data\/dpsg\/stamm_02\/wp-json\/wp\/v2\/tags?post=1011"}],"curies":[{"name":"wp","href":"https:\/\/api.w.org\/{rel}","templated":true}]}}