{"id":1060,"date":"2015-10-15T17:09:04","date_gmt":"2015-10-15T15:09:04","guid":{"rendered":"http:\/\/www.christophbeer.de\/data\/dpsg\/stamm\/?p=1060"},"modified":"2026-01-05T21:20:58","modified_gmt":"2026-01-05T20:20:58","slug":"stammesfoto","status":"publish","type":"post","link":"https:\/\/www.christophbeer.de\/data\/dpsg\/stamm_02\/2015\/10\/15\/stammesfoto\/","title":{"rendered":"!!! STAMMESFOTO !!!"},"content":{"rendered":"<p><a href=\"http:\/\/www.christophbeer.de\/data\/dpsg\/stamm_02\/wp-content\/uploads\/2015\/10\/Einladung-zum-Fototermin.jpg\"><img loading=\"lazy\" decoding=\"async\" class=\"aligncenter size-full wp-image-1063\" src=\"http:\/\/www.christophbeer.de\/data\/dpsg\/stamm_02\/wp-content\/uploads\/2015\/10\/Einladung-zum-Fototermin.jpg\" alt=\"Einladung zum Fototermin\" width=\"702\" height=\"95\" srcset=\"https:\/\/www.christophbeer.de\/data\/dpsg\/stamm_02\/wp-content\/uploads\/2015\/10\/Einladung-zum-Fototermin.jpg 702w, https:\/\/www.christophbeer.de\/data\/dpsg\/stamm_02\/wp-content\/uploads\/2015\/10\/Einladung-zum-Fototermin-300x41.jpg 300w\" sizes=\"auto, (max-width: 702px) 100vw, 702px\" \/><\/a><\/p>\n<h4>Liebe Pfadfinder, liebe Eltern, liebe GSG, liebe OSW,<\/h4>\n<h2 style=\"text-align: center;\"><span style=\"color: #800000;\">WIR WERDEN 50 !<\/span><\/h2>\n<h3 style=\"text-align: center;\">\n<span style=\"color: #800000;\">N\u00e4chstes Jahr wird ein gro\u00dfes Festjahr, denn der Verein der Pfadfinder Windischeschenbach darf sein 50j\u00e4hriges Jubil\u00e4um feiern. Ein Jubil\u00e4um braucht nat\u00fcrlich auch eine Einladung mit einem Foto von uns allen!<\/span><\/h3>\n<p>Deshalb treffen wir uns zu einem gemeinsamen Fotote<img loading=\"lazy\" decoding=\"async\" class=\" size-full wp-image-1062 alignright\" src=\"http:\/\/www.christophbeer.de\/data\/dpsg\/stamm_02\/wp-content\/uploads\/2015\/10\/Einladung-zum-Fototermin-3.jpg\" alt=\"Einladung zum Fototermin 3\" width=\"355\" height=\"178\" srcset=\"https:\/\/www.christophbeer.de\/data\/dpsg\/stamm_02\/wp-content\/uploads\/2015\/10\/Einladung-zum-Fototermin-3.jpg 355w, https:\/\/www.christophbeer.de\/data\/dpsg\/stamm_02\/wp-content\/uploads\/2015\/10\/Einladung-zum-Fototermin-3-300x150.jpg 300w\" sizes=\"auto, (max-width: 355px) 100vw, 355px\" \/>rmin, an dem wir von <strong>ALLEN <\/strong>Pfadfindern Windischeschenbach ein Foto machen. Es ist ganz wichtig, dass <strong>DU<\/strong> dabei bist, denn jeder einzelne z\u00e4hlt!<br \/>\nBitte denk daran, dass du dein <strong>Pfadfinder-Shirt<\/strong>, deine <strong>Kluft<\/strong> und dein <strong>Stufentuch<\/strong> anziehst!<br \/>\nGSG \/ OSW bitte im passenden <strong>Vereins-Shirt<\/strong> erscheinen!<\/p>\n<p><a href=\"http:\/\/www.christophbeer.de\/data\/dpsg\/stamm_02\/wp-content\/uploads\/2015\/10\/Einladung-zum-Fototermin-2.jpg\"><img loading=\"lazy\" decoding=\"async\" class=\"aligncenter size-full wp-image-1061\" src=\"http:\/\/www.christophbeer.de\/data\/dpsg\/stamm_02\/wp-content\/uploads\/2015\/10\/Einladung-zum-Fototermin-2.jpg\" alt=\"Einladung zum Fototermin 2\" width=\"620\" height=\"242\" srcset=\"https:\/\/www.christophbeer.de\/data\/dpsg\/stamm_02\/wp-content\/uploads\/2015\/10\/Einladung-zum-Fototermin-2.jpg 620w, https:\/\/www.christophbeer.de\/data\/dpsg\/stamm_02\/wp-content\/uploads\/2015\/10\/Einladung-zum-Fototermin-2-300x117.jpg 300w\" sizes=\"auto, (max-width: 620px) 100vw, 620px\" \/><\/a><\/p>\n<p>Bis dahin, gut Pfad,<\/p>\n<p><em>die Leiterrunde<\/em><\/p>\n","protected":false},"excerpt":{"rendered":"<p>Liebe Pfadfinder, liebe Eltern, liebe GSG, liebe OSW, WIR WERDEN 50 ! N\u00e4chstes Jahr wird ein gro\u00dfes Festjahr, denn der Verein der Pfadfinder Windischeschenbach darf sein 50j\u00e4hriges Jubil\u00e4um feiern. Ein Jubil\u00e4um braucht nat\u00fcrlich auch eine Einladung mit einem Foto von uns allen! Deshalb treffen wir uns zu einem gemeinsamen Fototermin, an dem wir von ALLEN [&hellip;]<\/p>\n","protected":false},"author":4,"featured_media":0,"comment_status":"closed","ping_status":"closed","sticky":false,"template":"","format":"standard","meta":{"footnotes":""},"categories":[40,25],"tags":[7,17,9],"class_list":["post-1060","post","type-post","status-publish","format-standard","hentry","category-40","category-allgemeines","tag-aktion","tag-einladung","tag-jubilaeum"],"_links":{"self":[{"href":"https:\/\/www.christophbeer.de\/data\/dpsg\/stamm_02\/wp-json\/wp\/v2\/posts\/1060","targetHints":{"allow":["GET"]}}],"collection":[{"href":"https:\/\/www.christophbeer.de\/data\/dpsg\/stamm_02\/wp-json\/wp\/v2\/posts"}],"about":[{"href":"https:\/\/www.christophbeer.de\/data\/dpsg\/stamm_02\/wp-json\/wp\/v2\/types\/post"}],"author":[{"embeddable":true,"href":"https:\/\/www.christophbeer.de\/data\/dpsg\/stamm_02\/wp-json\/wp\/v2\/users\/4"}],"replies":[{"embeddable":true,"href":"https:\/\/www.christophbeer.de\/data\/dpsg\/stamm_02\/wp-json\/wp\/v2\/comments?post=1060"}],"version-history":[{"count":1,"href":"https:\/\/www.christophbeer.de\/data\/dpsg\/stamm_02\/wp-json\/wp\/v2\/posts\/1060\/revisions"}],"predecessor-version":[{"id":1569,"href":"https:\/\/www.christophbeer.de\/data\/dpsg\/stamm_02\/wp-json\/wp\/v2\/posts\/1060\/revisions\/1569"}],"wp:attachment":[{"href":"https:\/\/www.christophbeer.de\/data\/dpsg\/stamm_02\/wp-json\/wp\/v2\/media?parent=1060"}],"wp:term":[{"taxonomy":"category","embeddable":true,"href":"https:\/\/www.christophbeer.de\/data\/dpsg\/stamm_02\/wp-json\/wp\/v2\/categories?post=1060"},{"taxonomy":"post_tag","embeddable":true,"href":"https:\/\/www.christophbeer.de\/data\/dpsg\/stamm_02\/wp-json\/wp\/v2\/tags?post=1060"}],"curies":[{"name":"wp","href":"https:\/\/api.w.org\/{rel}","templated":true}]}}