{"id":1148,"date":"2016-01-27T11:56:26","date_gmt":"2016-01-27T10:56:26","guid":{"rendered":"http:\/\/www.christophbeer.de\/data\/dpsg\/stamm\/?p=1148"},"modified":"2026-01-05T21:18:32","modified_gmt":"2026-01-05T20:18:32","slug":"einladung-stammesversammlung","status":"publish","type":"post","link":"https:\/\/www.christophbeer.de\/data\/dpsg\/stamm_02\/2016\/01\/27\/einladung-stammesversammlung\/","title":{"rendered":"EINLADUNG | Stammesversammlung 2016"},"content":{"rendered":"<p>Liebe Pfadfinder, liebe Eltern,<\/p>\n<p>in einem <strong>Jubil\u00e4umsjahr<\/strong> gibt es wichtige Dinge zu besprechen, deswegen m\u00f6chten wir euch das erste Mal zu einer <strong>gemeinsamen Stammesversammlung<\/strong> einladen!<\/p>\n<h4 style=\"text-align: center;\"><span style=\"color: #3d3a72;\">Stattfinden wird diese<br \/>\nam 31. Januar 2016<br \/>\num 14:00 Uhr<br \/>\nim Pfarrheim St. Emmeram in Windischeschenbach [Pfarrsaal]. <\/span><\/h4>\n<h5 style=\"text-align: right;\"><a href=\"http:\/\/www.christophbeer.de\/data\/dpsg\/stamm_02\/wp-content\/uploads\/2016\/01\/2016-01-31-EINLADUNG-Stammesversammlung.pdf\"><span style=\"color: #008200;\">Download Einladung<\/span> <\/a><span style=\"color: #008200;\"><strong><\/strong><\/span><\/h5>\n<p>Damit ihr auch schon ungef\u00e4hr wisst, was auf euch zukommt, hier schon mal die <strong>vorl\u00e4ufige Tagesordnung<\/strong>.<\/p>\n<p style=\"padding-left: 60px;\"><strong>TOP 1 Begr\u00fc\u00dfung und Er\u00f6ffnung<\/strong><\/p>\n<p style=\"padding-left: 60px;\"><strong>TOP 2 Feststellung der Beschlussf\u00e4higkeit<\/strong><\/p>\n<p style=\"padding-left: 60px;\"><strong>TOP 3 Protokoll der Stammesversammlung 2014<\/strong><\/p>\n<p style=\"padding-left: 60px;\"><strong>TOP 4 Beschluss der Tagesordnung<\/strong><\/p>\n<p style=\"padding-left: 60px;\"><strong>TOP 5 Standortbestimmung<\/strong><\/p>\n<p style=\"padding-left: 90px;\"><strong>Bericht der Stammesvorsitzenden<\/strong><\/p>\n<p style=\"padding-left: 90px;\"><strong>Bericht der Gruppen \/ Gruppenleiter<\/strong><\/p>\n<p style=\"padding-left: 60px;\"><strong>TOP 6 Kassenbericht 2015<\/strong><\/p>\n<p style=\"padding-left: 60px;\"><strong>TOP 7 Entlastung der Vorstandschaft<\/strong><\/p>\n<p style=\"padding-left: 60px;\"><strong>TOP 8 \u00c4mterverteilung<\/strong><\/p>\n<p style=\"padding-left: 60px;\"><strong>TOP 9 Wahl Stammeskurat<\/strong><\/p>\n<p style=\"padding-left: 60px;\"><strong>TOP 10 Jahresplanung 2016<\/strong><\/p>\n<p style=\"padding-left: 60px;\"><strong>TOP 11 W\u00fcnsche, Antr\u00e4ge und Sonstiges<\/strong><\/p>\n<p>&nbsp;<\/p>\n<p>Wir w\u00fcrden uns freuen, wenn m\u00f6glichst viele Mitglieder an der diesj\u00e4hrigen Stammesversammlung teilnehmen.<\/p>\n<p>Bis dahin und Gut Pfad,<br \/>\n<em>die Leiterrunde<\/em><\/p>\n<p>&nbsp;<\/p>\n","protected":false},"excerpt":{"rendered":"<p>Liebe Pfadfinder, liebe Eltern, in einem Jubil\u00e4umsjahr gibt es wichtige Dinge zu besprechen, deswegen m\u00f6chten wir euch das erste Mal zu einer gemeinsamen Stammesversammlung einladen! Stattfinden wird diese am 31. Januar 2016 um 14:00 Uhr im Pfarrheim St. Emmeram in Windischeschenbach [Pfarrsaal]. Download Einladung Damit ihr auch schon ungef\u00e4hr wisst, was auf euch zukommt, hier [&hellip;]<\/p>\n","protected":false},"author":4,"featured_media":0,"comment_status":"closed","ping_status":"closed","sticky":false,"template":"","format":"standard","meta":{"footnotes":""},"categories":[39,25],"tags":[7,17,9],"class_list":["post-1148","post","type-post","status-publish","format-standard","hentry","category-39","category-allgemeines","tag-aktion","tag-einladung","tag-jubilaeum"],"_links":{"self":[{"href":"https:\/\/www.christophbeer.de\/data\/dpsg\/stamm_02\/wp-json\/wp\/v2\/posts\/1148","targetHints":{"allow":["GET"]}}],"collection":[{"href":"https:\/\/www.christophbeer.de\/data\/dpsg\/stamm_02\/wp-json\/wp\/v2\/posts"}],"about":[{"href":"https:\/\/www.christophbeer.de\/data\/dpsg\/stamm_02\/wp-json\/wp\/v2\/types\/post"}],"author":[{"embeddable":true,"href":"https:\/\/www.christophbeer.de\/data\/dpsg\/stamm_02\/wp-json\/wp\/v2\/users\/4"}],"replies":[{"embeddable":true,"href":"https:\/\/www.christophbeer.de\/data\/dpsg\/stamm_02\/wp-json\/wp\/v2\/comments?post=1148"}],"version-history":[{"count":3,"href":"https:\/\/www.christophbeer.de\/data\/dpsg\/stamm_02\/wp-json\/wp\/v2\/posts\/1148\/revisions"}],"predecessor-version":[{"id":1815,"href":"https:\/\/www.christophbeer.de\/data\/dpsg\/stamm_02\/wp-json\/wp\/v2\/posts\/1148\/revisions\/1815"}],"wp:attachment":[{"href":"https:\/\/www.christophbeer.de\/data\/dpsg\/stamm_02\/wp-json\/wp\/v2\/media?parent=1148"}],"wp:term":[{"taxonomy":"category","embeddable":true,"href":"https:\/\/www.christophbeer.de\/data\/dpsg\/stamm_02\/wp-json\/wp\/v2\/categories?post=1148"},{"taxonomy":"post_tag","embeddable":true,"href":"https:\/\/www.christophbeer.de\/data\/dpsg\/stamm_02\/wp-json\/wp\/v2\/tags?post=1148"}],"curies":[{"name":"wp","href":"https:\/\/api.w.org\/{rel}","templated":true}]}}