{"id":1230,"date":"2016-05-18T15:45:29","date_gmt":"2016-05-18T13:45:29","guid":{"rendered":"http:\/\/www.christophbeer.de\/data\/dpsg\/stamm\/?p=1230"},"modified":"2026-01-05T21:18:32","modified_gmt":"2026-01-05T20:18:32","slug":"einladung-fronleichnam","status":"publish","type":"post","link":"https:\/\/www.christophbeer.de\/data\/dpsg\/stamm_02\/2016\/05\/18\/einladung-fronleichnam\/","title":{"rendered":"EINLADUNG | Fronleichnam 2016"},"content":{"rendered":"<p>Liebe Pfadinder,<img loading=\"lazy\" decoding=\"async\" class=\"alignright wp-image-1231 size-medium\" src=\"http:\/\/www.christophbeer.de\/data\/dpsg\/stamm_02\/wp-content\/uploads\/2016\/05\/Fronleichnam-300x172.jpg\" alt=\"Fronleichnam\" width=\"300\" height=\"172\" srcset=\"https:\/\/www.christophbeer.de\/data\/dpsg\/stamm_02\/wp-content\/uploads\/2016\/05\/Fronleichnam-300x172.jpg 300w, https:\/\/www.christophbeer.de\/data\/dpsg\/stamm_02\/wp-content\/uploads\/2016\/05\/Fronleichnam.jpg 403w\" sizes=\"auto, (max-width: 300px) 100vw, 300px\" \/><\/p>\n<p>wie ihr alle wisst, ist am <strong>Donnerstag, den 26. Mai 2016<\/strong> das <strong>Fronleichnamsfest<\/strong>.<\/p>\n<p style=\"text-align: center;\">Wie jedes Jahr gestalten die Pfadfinder auch dieses Jahr wieder einen Altar. Dazu bauen wir fr\u00fch morgens den Altar auf und legen den Blumenteppich. Den Blumenteppich werden wir dieses Jahr analog zu unserem Jubil\u00e4umsmotto<br \/>\n<strong><span style=\"color: #ff0000;\">\u201e18.253 Gute Taten \u2013 50 Jahre Pfadfinder Windischeschenbach\u201c<\/span><\/strong><br \/>\ngestalten. Lasst euch \u00fcberraschen wie das Jahresthema umgesetzt wird!<\/p>\n<p>Damit wir auch in unserem Jubil\u00e4umsjahr unseren Verein an diesem Fest beim Zug ordentlich repr\u00e4sentieren k\u00f6nnen, laden wir euch ganz herzlich ein, mit in die Kirche und anschlie\u00dfend zu den vier Alt\u00e4ren zu ziehen.<\/p>\n<h4 style=\"text-align: center;\"><span style=\"color: #0000ff;\">Wir treffen uns um 7:45 Uhr (Kirche beginnt um 8 Uhr) vor der Sakristei und gehen dann zusammen in die Kirche!<\/span><\/h4>\n<h4 style=\"text-align: center;\"><span style=\"color: #0000ff;\">VERGISS BITTE DEINE KLUFT NICHT!<\/span><\/h4>\n<p><em>Wir freuen uns, wenn DU dabei bist, <\/em><br \/>\n<em> die Leiterrunde<\/em><\/p>\n<p>&nbsp;<\/p>\n","protected":false},"excerpt":{"rendered":"<p>Liebe Pfadinder, wie ihr alle wisst, ist am Donnerstag, den 26. Mai 2016 das Fronleichnamsfest. Wie jedes Jahr gestalten die Pfadfinder auch dieses Jahr wieder einen Altar. Dazu bauen wir fr\u00fch morgens den Altar auf und legen den Blumenteppich. Den Blumenteppich werden wir dieses Jahr analog zu unserem Jubil\u00e4umsmotto \u201e18.253 Gute Taten \u2013 50 Jahre [&hellip;]<\/p>\n","protected":false},"author":4,"featured_media":0,"comment_status":"closed","ping_status":"closed","sticky":false,"template":"","format":"standard","meta":{"footnotes":""},"categories":[39,25],"tags":[7,17,10],"class_list":["post-1230","post","type-post","status-publish","format-standard","hentry","category-39","category-allgemeines","tag-aktion","tag-einladung","tag-kirche"],"_links":{"self":[{"href":"https:\/\/www.christophbeer.de\/data\/dpsg\/stamm_02\/wp-json\/wp\/v2\/posts\/1230","targetHints":{"allow":["GET"]}}],"collection":[{"href":"https:\/\/www.christophbeer.de\/data\/dpsg\/stamm_02\/wp-json\/wp\/v2\/posts"}],"about":[{"href":"https:\/\/www.christophbeer.de\/data\/dpsg\/stamm_02\/wp-json\/wp\/v2\/types\/post"}],"author":[{"embeddable":true,"href":"https:\/\/www.christophbeer.de\/data\/dpsg\/stamm_02\/wp-json\/wp\/v2\/users\/4"}],"replies":[{"embeddable":true,"href":"https:\/\/www.christophbeer.de\/data\/dpsg\/stamm_02\/wp-json\/wp\/v2\/comments?post=1230"}],"version-history":[{"count":3,"href":"https:\/\/www.christophbeer.de\/data\/dpsg\/stamm_02\/wp-json\/wp\/v2\/posts\/1230\/revisions"}],"predecessor-version":[{"id":1810,"href":"https:\/\/www.christophbeer.de\/data\/dpsg\/stamm_02\/wp-json\/wp\/v2\/posts\/1230\/revisions\/1810"}],"wp:attachment":[{"href":"https:\/\/www.christophbeer.de\/data\/dpsg\/stamm_02\/wp-json\/wp\/v2\/media?parent=1230"}],"wp:term":[{"taxonomy":"category","embeddable":true,"href":"https:\/\/www.christophbeer.de\/data\/dpsg\/stamm_02\/wp-json\/wp\/v2\/categories?post=1230"},{"taxonomy":"post_tag","embeddable":true,"href":"https:\/\/www.christophbeer.de\/data\/dpsg\/stamm_02\/wp-json\/wp\/v2\/tags?post=1230"}],"curies":[{"name":"wp","href":"https:\/\/api.w.org\/{rel}","templated":true}]}}