{"id":1861,"date":"2018-03-07T09:05:22","date_gmt":"2018-03-07T08:05:22","guid":{"rendered":"http:\/\/www.christophbeer.de\/data\/dpsg\/stamm_02\/?p=1861"},"modified":"2026-01-05T21:17:43","modified_gmt":"2026-01-05T20:17:43","slug":"einladung-ostern-2018","status":"publish","type":"post","link":"https:\/\/www.christophbeer.de\/data\/dpsg\/stamm_02\/2018\/03\/07\/einladung-ostern-2018\/","title":{"rendered":"EINLADUNG | Ostern 2018"},"content":{"rendered":"<p>Liebe Pfadfinder und liebe Eltern,<\/p>\n<p>Ostern steht vor der T\u00fcr. Dazu gibt es zwei wichtige Termine:<\/p>\n<h4><span style=\"color: #333399;\">OSTERNACHT:<\/span><\/h4>\n<p>F\u00fcr die Osternacht treffen wir uns am <strong>Ostersonntag<\/strong>, den <strong>01.04.2018<\/strong>, um <strong>4:45 Uhr<\/strong> am Schwaner-Eck.<\/p>\n<p>Bitte vergesst eure Kluft nicht!<\/p>\n<p>&nbsp;<\/p>\n<h4><span style=\"color: #333399;\">EMMAUS:<\/span><\/h4>\n<p>Am <strong>Ostermontag<\/strong>, den <strong>02.04.2018<\/strong> treffen wir uns um <strong>13:00 Uhr<\/strong> zur Emmaus-Wanderung am Gruppenzimmer. Wir werden zum Oberpfalzturm wandern.<\/p>\n<p>Wir fahren mit den Autos bis zum Parkplatz. \u00e0 Wer einen Kinder-Sitz braucht, diesen bitte mitnehmen! Den restlichen Weg werden wird zu Fu\u00df wandern. Bitte unbedingt einen Rucksack mitnehmen, da wir den Proviant f\u00fcr alle dann vor Ort verteilen.<\/p>\n<p>Wir werden gegen 17:00 Uhr zur\u00fcck am Gruppenzimmer sein.<\/p>\n<p><img loading=\"lazy\" decoding=\"async\" class=\"size-full wp-image-1862 aligncenter\" src=\"http:\/\/www.christophbeer.de\/data\/dpsg\/stamm_02\/wp-content\/uploads\/2018\/03\/Ostereier.jpg\" alt=\"\" width=\"275\" height=\"183\" \/><\/p>\n<p><span style=\"color: #333300;\"><em>Wir w\u00fcnschen euch und eurer Familie bereits jetzt schon ein sch\u00f6nes Osterfest und, dass ihr alle Oster-Nesterln findet \ud83d\ude0a<\/em><\/span><\/p>\n<p><span style=\"color: #333300;\"><em>Gut Pfad, die Leiterrunde<\/em><\/span><\/p>\n","protected":false},"excerpt":{"rendered":"<p>Liebe Pfadfinder und liebe Eltern, Ostern steht vor der T\u00fcr. Dazu gibt es zwei wichtige Termine: OSTERNACHT: F\u00fcr die Osternacht treffen wir uns am Ostersonntag, den 01.04.2018, um 4:45 Uhr am Schwaner-Eck. Bitte vergesst eure Kluft nicht! &nbsp; EMMAUS: Am Ostermontag, den 02.04.2018 treffen wir uns um 13:00 Uhr zur Emmaus-Wanderung am Gruppenzimmer. Wir werden [&hellip;]<\/p>\n","protected":false},"author":4,"featured_media":0,"comment_status":"open","ping_status":"open","sticky":false,"template":"","format":"standard","meta":{"footnotes":""},"categories":[37,25],"tags":[7,17,10,24,3],"class_list":["post-1861","post","type-post","status-publish","format-standard","hentry","category-37","category-allgemeines","tag-aktion","tag-einladung","tag-kirche","tag-ostern","tag-stamm"],"_links":{"self":[{"href":"https:\/\/www.christophbeer.de\/data\/dpsg\/stamm_02\/wp-json\/wp\/v2\/posts\/1861","targetHints":{"allow":["GET"]}}],"collection":[{"href":"https:\/\/www.christophbeer.de\/data\/dpsg\/stamm_02\/wp-json\/wp\/v2\/posts"}],"about":[{"href":"https:\/\/www.christophbeer.de\/data\/dpsg\/stamm_02\/wp-json\/wp\/v2\/types\/post"}],"author":[{"embeddable":true,"href":"https:\/\/www.christophbeer.de\/data\/dpsg\/stamm_02\/wp-json\/wp\/v2\/users\/4"}],"replies":[{"embeddable":true,"href":"https:\/\/www.christophbeer.de\/data\/dpsg\/stamm_02\/wp-json\/wp\/v2\/comments?post=1861"}],"version-history":[{"count":7,"href":"https:\/\/www.christophbeer.de\/data\/dpsg\/stamm_02\/wp-json\/wp\/v2\/posts\/1861\/revisions"}],"predecessor-version":[{"id":1870,"href":"https:\/\/www.christophbeer.de\/data\/dpsg\/stamm_02\/wp-json\/wp\/v2\/posts\/1861\/revisions\/1870"}],"wp:attachment":[{"href":"https:\/\/www.christophbeer.de\/data\/dpsg\/stamm_02\/wp-json\/wp\/v2\/media?parent=1861"}],"wp:term":[{"taxonomy":"category","embeddable":true,"href":"https:\/\/www.christophbeer.de\/data\/dpsg\/stamm_02\/wp-json\/wp\/v2\/categories?post=1861"},{"taxonomy":"post_tag","embeddable":true,"href":"https:\/\/www.christophbeer.de\/data\/dpsg\/stamm_02\/wp-json\/wp\/v2\/tags?post=1861"}],"curies":[{"name":"wp","href":"https:\/\/api.w.org\/{rel}","templated":true}]}}