{"id":2188,"date":"2021-09-28T08:29:45","date_gmt":"2021-09-28T06:29:45","guid":{"rendered":"http:\/\/www.christophbeer.de\/data\/dpsg\/stamm_02\/?p=2188"},"modified":"2026-01-05T21:16:37","modified_gmt":"2026-01-05T20:16:37","slug":"neue-woelflinge","status":"publish","type":"post","link":"https:\/\/www.christophbeer.de\/data\/dpsg\/stamm_02\/2021\/09\/28\/neue-woelflinge\/","title":{"rendered":"NEUE W\u00d6LFLINGE"},"content":{"rendered":"<p>Liebe Kinder, liebe Eltern, liebe Erziehungsberechtigte, lange hat\u2019s gedauert und Corona hat uns auch noch ausgebremst. Aber nun ist es soweit:<\/p>\n<h3 style=\"text-align: center;\"><strong>Die Pfadfinder Windischeschenbach starten nach den Herbstferien eine neue W\u00f6lflingsgruppe f\u00fcr alle Kinder ab der ersten Klasse.<\/strong><\/h3>\n<p><img loading=\"lazy\" decoding=\"async\" class=\"alignright wp-image-895\" src=\"http:\/\/www.christophbeer.de\/data\/dpsg\/stamm_02\/wp-content\/uploads\/2015\/03\/Feuerart-f\u00fcr-Homepage-300x282.jpg\" alt=\"\" width=\"120\" height=\"113\" srcset=\"https:\/\/www.christophbeer.de\/data\/dpsg\/stamm_02\/wp-content\/uploads\/2015\/03\/Feuerart-f\u00fcr-Homepage-300x282.jpg 300w, https:\/\/www.christophbeer.de\/data\/dpsg\/stamm_02\/wp-content\/uploads\/2015\/03\/Feuerart-f\u00fcr-Homepage.jpg 414w\" sizes=\"auto, (max-width: 120px) 100vw, 120px\" \/>Kinder, die Lust haben auf w\u00f6chentliche Gruppenstunden mit Spielen drau\u00dfen und drinnen, Neues zu entdecken, gerne Basteln und Handwerkeln oder einfach nur mit Freunden Spa\u00df haben wollen, sind ganz herzlich dazu eingeladen. Neben den Gruppenstunden gibt es bei den Pfadfindern auch \u00fcber das Jahr\u00a0verteilt verschiedene Aktionen, bei denen alle dabei sein d\u00fcrfen: Zeltlager, Johannisfeuer, Stammesfahrt z.B. ins Legoland, Wanderungen und vieles mehr.<\/p>\n<p>Sei dabei! Wir freuen uns!<\/p>\n<h4 style=\"text-align: center;\"><span style=\"color: #800000;\">Ein erstes Treffen wollen wir dann direkt mit allen Interessierten ausmachen! Um das besser planen zu k\u00f6nnen und zu wissen wer da eigentlich kommt, w\u00fcrde wir euch um eine <strong>Anmeldung<\/strong> bitten!<\/span><\/h4>\n<h4 style=\"text-align: center;\"><span style=\"color: #800000;\">Am einfachsten schickt ihr eine Mail mit <\/span><\/h4>\n<h4 style=\"text-align: center;\"><span style=\"color: #800000;\">Namen, Alter und Telefonnummer an <\/span><\/h4>\n<h4 style=\"text-align: center;\"><span style=\"color: #800000;\"><strong>vorstand@pfadfinder-windischeschenbach.de<\/strong>. <\/span><\/h4>\n<h4 style=\"text-align: center;\"><span style=\"color: #800000;\">Wir melden uns dann nochmal direkt bei euch!<\/span><\/h4>\n<p style=\"text-align: left;\"><img loading=\"lazy\" decoding=\"async\" class=\"alignleft wp-image-969\" src=\"http:\/\/www.christophbeer.de\/data\/dpsg\/stamm_02\/wp-content\/uploads\/2015\/05\/Daumen-hoch-206x300.jpg\" alt=\"\" width=\"138\" height=\"200\" srcset=\"https:\/\/www.christophbeer.de\/data\/dpsg\/stamm_02\/wp-content\/uploads\/2015\/05\/Daumen-hoch-206x300.jpg 206w, https:\/\/www.christophbeer.de\/data\/dpsg\/stamm_02\/wp-content\/uploads\/2015\/05\/Daumen-hoch.jpg 306w\" sizes=\"auto, (max-width: 138px) 100vw, 138px\" \/>Sollte es noch Fragen geben d\u00fcrft ihr euch auch gerne bei den Stammesvorsitzenden melden: Elisabeth Gierisch und Veronika Popp<\/p>\n<p style=\"text-align: center;\"><strong>Deine neuen Gruppenleiter Laura, Marco und Philipp freuen sich, wenn du kommst!<\/strong><\/p>\n<p style=\"text-align: center;\"><em>Wir sehen uns nach den Herbstferien! Bis dahin eine sch\u00f6ne Zeit und gut Pfad, <\/em><\/p>\n<p style=\"text-align: center;\"><em>die Pfadfinder Windischeschenbach!<\/em><\/p>\n","protected":false},"excerpt":{"rendered":"<p>Liebe Kinder, liebe Eltern, liebe Erziehungsberechtigte, lange hat\u2019s gedauert und Corona hat uns auch noch ausgebremst. Aber nun ist es soweit: Die Pfadfinder Windischeschenbach starten nach den Herbstferien eine neue W\u00f6lflingsgruppe f\u00fcr alle Kinder ab der ersten Klasse. Kinder, die Lust haben auf w\u00f6chentliche Gruppenstunden mit Spielen drau\u00dfen und drinnen, Neues zu entdecken, gerne Basteln [&hellip;]<\/p>\n","protected":false},"author":4,"featured_media":0,"comment_status":"open","ping_status":"open","sticky":false,"template":"","format":"standard","meta":{"footnotes":""},"categories":[34,25],"tags":[17,3],"class_list":["post-2188","post","type-post","status-publish","format-standard","hentry","category-34","category-allgemeines","tag-einladung","tag-stamm"],"_links":{"self":[{"href":"https:\/\/www.christophbeer.de\/data\/dpsg\/stamm_02\/wp-json\/wp\/v2\/posts\/2188","targetHints":{"allow":["GET"]}}],"collection":[{"href":"https:\/\/www.christophbeer.de\/data\/dpsg\/stamm_02\/wp-json\/wp\/v2\/posts"}],"about":[{"href":"https:\/\/www.christophbeer.de\/data\/dpsg\/stamm_02\/wp-json\/wp\/v2\/types\/post"}],"author":[{"embeddable":true,"href":"https:\/\/www.christophbeer.de\/data\/dpsg\/stamm_02\/wp-json\/wp\/v2\/users\/4"}],"replies":[{"embeddable":true,"href":"https:\/\/www.christophbeer.de\/data\/dpsg\/stamm_02\/wp-json\/wp\/v2\/comments?post=2188"}],"version-history":[{"count":17,"href":"https:\/\/www.christophbeer.de\/data\/dpsg\/stamm_02\/wp-json\/wp\/v2\/posts\/2188\/revisions"}],"predecessor-version":[{"id":2205,"href":"https:\/\/www.christophbeer.de\/data\/dpsg\/stamm_02\/wp-json\/wp\/v2\/posts\/2188\/revisions\/2205"}],"wp:attachment":[{"href":"https:\/\/www.christophbeer.de\/data\/dpsg\/stamm_02\/wp-json\/wp\/v2\/media?parent=2188"}],"wp:term":[{"taxonomy":"category","embeddable":true,"href":"https:\/\/www.christophbeer.de\/data\/dpsg\/stamm_02\/wp-json\/wp\/v2\/categories?post=2188"},{"taxonomy":"post_tag","embeddable":true,"href":"https:\/\/www.christophbeer.de\/data\/dpsg\/stamm_02\/wp-json\/wp\/v2\/tags?post=2188"}],"curies":[{"name":"wp","href":"https:\/\/api.w.org\/{rel}","templated":true}]}}