{"id":458,"date":"2013-11-30T20:01:58","date_gmt":"2013-11-30T19:01:58","guid":{"rendered":"http:\/\/www.christophbeer.de\/data\/dpsg\/stamm\/?p=458"},"modified":"2026-01-05T21:20:10","modified_gmt":"2026-01-05T20:20:10","slug":"weihnachtsaktionen-2013","status":"publish","type":"post","link":"https:\/\/www.christophbeer.de\/data\/dpsg\/stamm_02\/2013\/11\/30\/weihnachtsaktionen-2013\/","title":{"rendered":"EINLADUNG | Weihnachten 2013"},"content":{"rendered":"<p><b>Liebe Pfadfinderinnen, liebe Pfadfinder, <\/b><\/p>\n<p><b>liebe Eltern,<\/b><\/p>\n<p>Weihnachten steht vor der T\u00fcr und auch bei den Pfadfindern stehen noch so einige wichtige Termine auf dem Programm. Mit der nachfolgenden Einladung wollen wir euch \u00fcber alle Termine in der (Vor-)Weihnachtszeit informieren!<\/p>\n<p><img loading=\"lazy\" decoding=\"async\" class=\"size-medium wp-image-466 alignright\" src=\"http:\/\/www.christophbeer.de\/data\/dpsg\/stamm_02\/wp-content\/uploads\/2013\/12\/DSC_0032-300x199.jpg\" alt=\"DSC_0032\" width=\"300\" height=\"199\" srcset=\"https:\/\/www.christophbeer.de\/data\/dpsg\/stamm_02\/wp-content\/uploads\/2013\/12\/DSC_0032-300x199.jpg 300w, https:\/\/www.christophbeer.de\/data\/dpsg\/stamm_02\/wp-content\/uploads\/2013\/12\/DSC_0032-768x511.jpg 768w, https:\/\/www.christophbeer.de\/data\/dpsg\/stamm_02\/wp-content\/uploads\/2013\/12\/DSC_0032-1024x681.jpg 1024w\" sizes=\"auto, (max-width: 300px) 100vw, 300px\" \/><\/p>\n<ol start=\"1\">\n<li><b>Christkindlmarkt<\/b><\/li>\n<\/ol>\n<p>Am Samstag, den 07.12.13 findet am Pfarrheim wieder der Christkindlmarkt statt. Die Pfadfinder werden dabei Gl\u00fchwein und Punsch ausschenken. Vielleicht kommst du mal vorbei!<\/p>\n<p>&nbsp;<\/p>\n<ol start=\"2\">\n<li><b>Weihnachtstrucker<\/b><\/li>\n<\/ol>\n<p>Am 15.12.13 k\u00f6nnen fertig gepackte P\u00e4ckchen im Rahmen der Weihnachtstrucker-Aktion von 13.00 -15.00 Uhr in der Werkstatt J\u00fcrgen Scherer neben dem Feuerwehrhaus abgegeben werden. Vielleicht habt ihr in eurer Familie auch ein P\u00e4ckchen zusammengestellt?<\/p>\n<p><b>\u00a0<\/b><\/p>\n<p><b><\/b><b>3.\u00a0\u00a0\u00a0\u00a0 <\/b><b>Waldweihnacht<\/b><\/p>\n<p><b>Ganz wichtig und ein kr\u00f6nender Abschluss des Jahres ist die Waldweihnacht am\u00a0 Sonntag, den 15.12.13. Wir treffen uns dazu um 17.30 Uhr am Pfarrheim. Wir gehen dann zu unserem Spielplatz hinunter, genie\u00dfen ein paar weihnachtliche Gedanken und Lieder und danach gibt es eine Kleinigkeit zu essen und warme Getr\u00e4nke. Deine Eltern, Oma, Opa und und und sind herzlich eingeladen, mitzugehen. Auf der Waldweihnacht werden wir auch unser Pfadfinder-Versprechen erneuern!!! Und nat\u00fcrlich darfst du deine Kluft nicht vergessen!!!!<\/b><\/p>\n<p>&nbsp;<\/p>\n<p><a href=\"http:\/\/www.christophbeer.de\/data\/dpsg\/stamm_02\/wp-content\/uploads\/2013\/11\/Weihnachten-2013.pdf\" target=\"_blank\">&gt;Hier gibt es die Einladung zum Download<\/a><\/p>\n<p>&nbsp;<\/p>\n<p>Die Leiterrunde\u00a0w\u00fcnschen Dir und Deiner Familie eine tolle, besinnliche Weihnachtszeit<\/p>\n<p>&nbsp;<\/p>\n","protected":false},"excerpt":{"rendered":"<p>Liebe Pfadfinderinnen, liebe Pfadfinder, liebe Eltern, Weihnachten steht vor der T\u00fcr und auch bei den Pfadfindern stehen noch so einige wichtige Termine auf dem Programm. Mit der nachfolgenden Einladung wollen wir euch \u00fcber alle Termine in der (Vor-)Weihnachtszeit informieren! Christkindlmarkt Am Samstag, den 07.12.13 findet am Pfarrheim wieder der Christkindlmarkt statt. Die Pfadfinder werden dabei [&hellip;]<\/p>\n","protected":false},"author":3,"featured_media":0,"comment_status":"closed","ping_status":"closed","sticky":false,"template":"","format":"standard","meta":{"footnotes":""},"categories":[42,25],"tags":[7,17,10,3,8],"class_list":["post-458","post","type-post","status-publish","format-standard","hentry","category-42","category-allgemeines","tag-aktion","tag-einladung","tag-kirche","tag-stamm","tag-weihnachten"],"_links":{"self":[{"href":"https:\/\/www.christophbeer.de\/data\/dpsg\/stamm_02\/wp-json\/wp\/v2\/posts\/458","targetHints":{"allow":["GET"]}}],"collection":[{"href":"https:\/\/www.christophbeer.de\/data\/dpsg\/stamm_02\/wp-json\/wp\/v2\/posts"}],"about":[{"href":"https:\/\/www.christophbeer.de\/data\/dpsg\/stamm_02\/wp-json\/wp\/v2\/types\/post"}],"author":[{"embeddable":true,"href":"https:\/\/www.christophbeer.de\/data\/dpsg\/stamm_02\/wp-json\/wp\/v2\/users\/3"}],"replies":[{"embeddable":true,"href":"https:\/\/www.christophbeer.de\/data\/dpsg\/stamm_02\/wp-json\/wp\/v2\/comments?post=458"}],"version-history":[{"count":2,"href":"https:\/\/www.christophbeer.de\/data\/dpsg\/stamm_02\/wp-json\/wp\/v2\/posts\/458\/revisions"}],"predecessor-version":[{"id":1829,"href":"https:\/\/www.christophbeer.de\/data\/dpsg\/stamm_02\/wp-json\/wp\/v2\/posts\/458\/revisions\/1829"}],"wp:attachment":[{"href":"https:\/\/www.christophbeer.de\/data\/dpsg\/stamm_02\/wp-json\/wp\/v2\/media?parent=458"}],"wp:term":[{"taxonomy":"category","embeddable":true,"href":"https:\/\/www.christophbeer.de\/data\/dpsg\/stamm_02\/wp-json\/wp\/v2\/categories?post=458"},{"taxonomy":"post_tag","embeddable":true,"href":"https:\/\/www.christophbeer.de\/data\/dpsg\/stamm_02\/wp-json\/wp\/v2\/tags?post=458"}],"curies":[{"name":"wp","href":"https:\/\/api.w.org\/{rel}","templated":true}]}}