{"id":890,"date":"2015-03-10T12:05:04","date_gmt":"2015-03-10T11:05:04","guid":{"rendered":"http:\/\/www.christophbeer.de\/data\/dpsg\/stamm\/?p=890"},"modified":"2026-01-05T21:19:07","modified_gmt":"2026-01-05T20:19:07","slug":"einladung-ostern-emmaus","status":"publish","type":"post","link":"https:\/\/www.christophbeer.de\/data\/dpsg\/stamm_02\/2015\/03\/10\/einladung-ostern-emmaus\/","title":{"rendered":"EINLADUNG | Ostern 2015"},"content":{"rendered":"<p style=\"text-align: left;\" align=\"center\"><b><i>Liebe Pfadfinderinnen und Pfadfinder,<b><a href=\"http:\/\/www.christophbeer.de\/data\/dpsg\/stamm_02\/wp-content\/uploads\/2014\/03\/Ostern.jpg\"><img loading=\"lazy\" decoding=\"async\" class=\"alignright\" alt=\"Ostern\" src=\"http:\/\/www.christophbeer.de\/data\/dpsg\/stamm_02\/wp-content\/uploads\/2014\/03\/Ostern.jpg\" width=\"300\" height=\"408\" \/><\/a><\/b><\/i><\/b><\/p>\n<p><b><i>das Osterfest steht vor der T\u00fcr.<br \/>\nAnbei m\u00f6chten wir euch zu den Osterevents der Pfadfinder einladen:<\/i><\/b><\/p>\n<h4><span style=\"color: #ff6600;\">Osternacht<\/span><\/h4>\n<p><span style=\"color: #ff6600;\">Die Pfadfinder Windischeschenbach nehmen an der <strong>Osternacht<\/strong> am<strong> 05.04.15<\/strong> in <strong>Windischeschenbach<\/strong> teil. Dazu treffen wir uns um <strong>4.40 Uhr<\/strong> am <strong>\u201eSchwaner-Eck\u201c<\/strong>. Danach d\u00fcrfen alle, die mit in der Kirche waren, zum <strong>Osterfr\u00fchst\u00fcck<\/strong> mitkommen.<\/span><\/p>\n<h4><span style=\"color: #008000;\">Emmaus-Wanderung<\/span><\/h4>\n<p><span style=\"color: #008000;\">Emmaus-Wanderung wie immer? Nein! Denn in diesem Jahr haben wir etwas Besonderes f\u00fcr euch geplant! Wir werden ein St\u00fcck wandern und anschlie\u00dfend picknicken. Wir treffen uns deshalb am <strong>Ostermontag<\/strong>, den <strong>06.04.15<\/strong> um <strong>13.30 Uhr<\/strong> am <strong>Gruppenzimmer<\/strong>. Wir werden gegen 17 Uhr wieder am Gruppenzimmer zur\u00fcck sein.\u00a0<\/span><\/p>\n<p><span style=\"color: #008000;\">Zieht f\u00fcr die Wanderung feste Schuhe an. Bitte nehmt au\u00dferdem einen Rucksack mit, da wir Essen und Getr\u00e4nke auf die Rucks\u00e4cke verteilen. Wer eine Picknickdecke hat, darf diese gerne mitnehmen!<\/span><\/p>\n<p>&nbsp;<\/p>\n<p><strong><i>Wir freuen uns, wenn Du an Ostern mit dabei bist!<\/i><\/strong><\/p>\n<p><i>\u00a0<\/i><\/p>\n<h5 style=\"text-align: center;\"><span style=\"color: #ff0000;\">P.S. Schaut euch doch schon mal die Einladung f\u00fcr den Georgslauf in Weiden an und merkt euch den Termin vor!<\/span><a href=\"http:\/\/www.christophbeer.de\/data\/dpsg\/stamm_02\/wp-content\/uploads\/2015\/03\/Wegezeichen-f\u00fcr-Homepage.jpg\"><img loading=\"lazy\" decoding=\"async\" class=\"aligncenter\" alt=\"Wegezeichen f\u00fcr Homepage\" src=\"http:\/\/www.christophbeer.de\/data\/dpsg\/stamm_02\/wp-content\/uploads\/2015\/03\/Wegezeichen-f\u00fcr-Homepage.jpg\" width=\"153\" height=\"115\" \/><\/a><\/h5>\n<p>&nbsp;<\/p>\n<p><i>Gut Pfad und ein frohes, gesegnetes Osterfest w\u00fcnscht Dir und Deiner Familie,<\/i><\/p>\n<p><i><\/i><i>d<\/i><i>ie Leiterrunde<\/i><\/p>\n<p style=\"text-align: left;\" align=\"center\"><b><a href=\"http:\/\/www.christophbeer.de\/data\/dpsg\/stamm_02\/wp-content\/uploads\/2014\/03\/Ostern.jpg\"><br \/>\n<\/a><\/b><b><i><!--[if gte vml 1]><v:shapetype id=\"_x0000_t75\"\ncoordsize=\"21600,21600\" o:spt=\"75\" o:preferrelative=\"t\" path=\"m@4@5l@4@11@9@11@9@5xe\"\nfilled=\"f\" stroked=\"f\">\n<v:stroke joinstyle=\"miter\"\/>\n<v:formulas>\n<v:f eqn=\"if lineDrawn pixelLineWidth 0\"\/>\n<v:f eqn=\"sum @0 1 0\"\/>\n<v:f eqn=\"sum 0 0 @1\"\/>\n<v:f eqn=\"prod @2 1 2\"\/>\n<v:f eqn=\"prod @3 21600 pixelWidth\"\/>\n<v:f eqn=\"prod @3 21600 pixelHeight\"\/>\n<v:f eqn=\"sum @0 0 1\"\/>\n<v:f eqn=\"prod @6 1 2\"\/>\n<v:f eqn=\"prod @7 21600 pixelWidth\"\/>\n<v:f eqn=\"sum @8 21600 0\"\/>\n<v:f eqn=\"prod @7 21600 pixelHeight\"\/>\n<v:f eqn=\"sum @10 21600 0\"\/>\n<\/v:formulas>\n<v:path o:extrusionok=\"f\" gradientshapeok=\"t\" o:connecttype=\"rect\"\/>\n<o:lock v:ext=\"edit\" aspectratio=\"t\"\/>\n<\/v:shapetype><v:shape id=\"_x0000_s1027\" type=\"#_x0000_t75\" alt=\"\" style='position:absolute;\nmargin-left:49.2pt;margin-top:267.2pt;width:99.7pt;height:137.25pt;z-index:251658240'>\n<v:imagedata src=\"file:\/\/\/C:\\Users\\Besitzer\\AppData\\Local\\Temp\\msohtmlclip1\\01\\clip_image001.png\"\no:href=\"http:\/\/www.jetztmalen.de\/img\/ostern-kuken-2-b1068.jpg\" croptop=\"2815f\"\ncropbottom=\"2815f\" cropleft=\"3753f\" cropright=\"3753f\"\/>\n<w:wrap type=\"square\"\/>\n<\/v:shape><![endif]--><!--[if !vml]--><!--[endif]--><\/i><\/b><\/p>\n","protected":false},"excerpt":{"rendered":"<p>Liebe Pfadfinderinnen und Pfadfinder, das Osterfest steht vor der T\u00fcr. Anbei m\u00f6chten wir euch zu den Osterevents der Pfadfinder einladen: Osternacht Die Pfadfinder Windischeschenbach nehmen an der Osternacht am 05.04.15 in Windischeschenbach teil. Dazu treffen wir uns um 4.40 Uhr am \u201eSchwaner-Eck\u201c. Danach d\u00fcrfen alle, die mit in der Kirche waren, zum Osterfr\u00fchst\u00fcck mitkommen. Emmaus-Wanderung [&hellip;]<\/p>\n","protected":false},"author":4,"featured_media":0,"comment_status":"closed","ping_status":"closed","sticky":false,"template":"","format":"standard","meta":{"footnotes":""},"categories":[40,25],"tags":[7,17,10,24],"class_list":["post-890","post","type-post","status-publish","format-standard","hentry","category-40","category-allgemeines","tag-aktion","tag-einladung","tag-kirche","tag-ostern"],"_links":{"self":[{"href":"https:\/\/www.christophbeer.de\/data\/dpsg\/stamm_02\/wp-json\/wp\/v2\/posts\/890","targetHints":{"allow":["GET"]}}],"collection":[{"href":"https:\/\/www.christophbeer.de\/data\/dpsg\/stamm_02\/wp-json\/wp\/v2\/posts"}],"about":[{"href":"https:\/\/www.christophbeer.de\/data\/dpsg\/stamm_02\/wp-json\/wp\/v2\/types\/post"}],"author":[{"embeddable":true,"href":"https:\/\/www.christophbeer.de\/data\/dpsg\/stamm_02\/wp-json\/wp\/v2\/users\/4"}],"replies":[{"embeddable":true,"href":"https:\/\/www.christophbeer.de\/data\/dpsg\/stamm_02\/wp-json\/wp\/v2\/comments?post=890"}],"version-history":[{"count":2,"href":"https:\/\/www.christophbeer.de\/data\/dpsg\/stamm_02\/wp-json\/wp\/v2\/posts\/890\/revisions"}],"predecessor-version":[{"id":1824,"href":"https:\/\/www.christophbeer.de\/data\/dpsg\/stamm_02\/wp-json\/wp\/v2\/posts\/890\/revisions\/1824"}],"wp:attachment":[{"href":"https:\/\/www.christophbeer.de\/data\/dpsg\/stamm_02\/wp-json\/wp\/v2\/media?parent=890"}],"wp:term":[{"taxonomy":"category","embeddable":true,"href":"https:\/\/www.christophbeer.de\/data\/dpsg\/stamm_02\/wp-json\/wp\/v2\/categories?post=890"},{"taxonomy":"post_tag","embeddable":true,"href":"https:\/\/www.christophbeer.de\/data\/dpsg\/stamm_02\/wp-json\/wp\/v2\/tags?post=890"}],"curies":[{"name":"wp","href":"https:\/\/api.w.org\/{rel}","templated":true}]}}