{"id":997,"date":"2015-07-09T17:13:28","date_gmt":"2015-07-09T15:13:28","guid":{"rendered":"http:\/\/www.christophbeer.de\/data\/dpsg\/stamm\/?p=997"},"modified":"2026-01-05T21:19:07","modified_gmt":"2026-01-05T20:19:07","slug":"einladung-zum-gemeinsamen-zeltlager","status":"publish","type":"post","link":"https:\/\/www.christophbeer.de\/data\/dpsg\/stamm_02\/2015\/07\/09\/einladung-zum-gemeinsamen-zeltlager\/","title":{"rendered":"EINLADUNG | Zeltlager 2015"},"content":{"rendered":"<h1>&#8230; der Pfadfinder Neuhaus und Windischeschenbach!<\/h1>\n<p><img loading=\"lazy\" decoding=\"async\" class=\" size-full wp-image-998 alignleft\" src=\"http:\/\/www.christophbeer.de\/data\/dpsg\/stamm_02\/wp-content\/uploads\/2015\/07\/Affe-Dschungelcamp.jpg\" alt=\"Affe Dschungelcamp\" width=\"365\" height=\"279\" srcset=\"https:\/\/www.christophbeer.de\/data\/dpsg\/stamm_02\/wp-content\/uploads\/2015\/07\/Affe-Dschungelcamp.jpg 365w, https:\/\/www.christophbeer.de\/data\/dpsg\/stamm_02\/wp-content\/uploads\/2015\/07\/Affe-Dschungelcamp-300x229.jpg 300w\" sizes=\"auto, (max-width: 365px) 100vw, 365px\" \/>Liebe Pfadfinderinnen und Pfadfinder,<\/p>\n<p>in diesem Jahr werden die Pfadfinder Windischeschenbach und Neuhaus gemeinsam zelten fahren. Das wird bestimmt ein gro\u00dfer Spa\u00df, bei dem ihr auch viele neue Freunde kennenlernt. Das Zeltlager steht unter dem <strong>Motto \u201eDschungelcamp\u201c<\/strong> und wir werden zusammen viele spannende Abenteuer erleben.<\/p>\n<h4><strong>Datum: \u00a0\u00a0\u00a0\u00a0\u00a0\u00a0\u00a0\u00a0\u00a0 07. August 2015 \u2013 11. August 2015<br \/>\nOrt: \u00a0\u00a0\u00a0\u00a0\u00a0\u00a0\u00a0\u00a0\u00a0\u00a0\u00a0\u00a0\u00a0\u00a0\u00a0 Kornthan bei Wiesau<br \/>\nKosten: \u00a0\u00a0\u00a0\u00a0\u00a0\u00a0\u00a0\u00a0 25 \u20ac pro Person <\/strong><\/h4>\n<p>Bitte melde dich mit dem <span style=\"color: #ff0000;\"><strong>Anmeldeformular (<a href=\"http:\/\/www.christophbeer.de\/data\/dpsg\/stamm_02\/wp-content\/uploads\/2015\/07\/2015-Stammeslager-Anmeldeformular.pdf\" target=\"_blank\">&gt;&gt; hier klicken<\/a>)<\/strong><\/span>\u00a0<span style=\"color: #ff0000;\"><strong>bis zum 26. Juli 2015<\/strong><\/span> bei deinem Gruppenleiter oder den Stammesvorsitzenden an!<br \/>\nDas gilt bitte auch f\u00fcr alle Rover und Leiter!<\/p>\n<p>Den Unkostenbeitrag von 25\u20ac f\u00fcr Essen, Material und Co. bitte der Anmeldung beilegen!<\/p>\n<p>Am <strong>Freitag<\/strong>, den 07. August 2015, ist um <strong>13:40 Uhr<\/strong> Treffpunkt in <strong>Neuhaus an der Hl.-Geist Kirche<\/strong> und um <strong>14:00 Uhr <\/strong>Treffpunkt <strong>in Windischeschenbach am Busparkplatz der Grund- und Mittelschule<\/strong>. Von dort geht es mit dem Bus ins Lager.<br \/>\nAm <strong>Dienstag<\/strong> werden wir <strong>gegen 14:30 Uhr in Windischeschenbach<\/strong> zur\u00fcck sein.<\/p>\n<p>Herzliche Einladung an alle Eltern zum <strong>Lagergottesdienst am Sonntag um 10 Uhr<\/strong>. Danach kann noch bis zum Mittagessen das Lagerleben genossen werden. Au\u00dferhalb dieser Zeit bitten wir von Besuchen abzusehen, da auch die Kinder ihre \u201eelternfreie\u201c Zeit genie\u00dfen sollen. J<\/p>\n<p>Euch erwarten vier spannende Tage mit ganz viel Spiel, Spa\u00df und Gaudi! Das d\u00fcrft ihr nat\u00fcrlich nicht verpassen!<\/p>\n<p><strong>WAS DU BRAUCHST: <\/strong><\/p>\n<ul>\n<li>Schlafsack, evtl. Kissen<\/li>\n<li>Isomatte<\/li>\n<li>Hygienesachen (Zahnb\u00fcrste, Seife, \u2026)<\/li>\n<li>Pfadfinderkluft mit Tuch und T-Shirt, ggf. Hut<\/li>\n<li>Teller (tief und nicht brechbar), Tasse, Besteck und Geschirrtuch<\/li>\n<li>Trinkflasche<\/li>\n<li>Taschenlampe<\/li>\n<li>Kleidung f\u00fcr jede Wetterlage (warme Sachen f\u00fcr Abend, Regensachen, kurze Hose, etc.)<\/li>\n<li>Unterw\u00e4sche<\/li>\n<li>Badesachen, Handtuch<\/li>\n<li>Kopfbedeckung (Hut oder Kappi)<\/li>\n<li>wasserfeste (!) Schuhe<\/li>\n<li>M\u00fccken- und Sonnenschutz<\/li>\n<li>Kinder- bzw. Personalausweis (\u00e0wird bei der Abfahrt von den Gruppenleitern eingesammelt)<\/li>\n<li>Krankenkassenkarten und Impfpass (\u00e0wird bei der Abfahrt von den Gruppenleitern eingesammelt)<\/li>\n<li>pers\u00f6nliche Medikamente<\/li>\n<\/ul>\n<p><strong>WAS DU NICHT BRAUCHST: <\/strong><\/p>\n<ul>\n<li>Elektroger\u00e4te &#8211; auch ein Handy ist \u00fcberfl\u00fcssig!!! Die Leiter haben im Notfall ein Telefon!<\/li>\n<li>tonnenweise S\u00fc\u00dfigkeiten! Es gibt gen\u00fcgend Essen f\u00fcr alle!<\/li>\n<li>gef\u00e4hrliche Messer!<\/li>\n<li>alles, was nicht f\u00fcr dein Alter geeignet ist !!!<\/li>\n<\/ul>\n<p><span style=\"color: #ff0000;\"><strong>F\u00fcr alle nochmal zum Download:<\/strong><\/span><\/p>\n<ul>\n<li>die ganze Einladung inklusive Packliste &#8211;\u00a0<a href=\"http:\/\/www.christophbeer.de\/data\/dpsg\/stamm_02\/wp-content\/uploads\/2015\/07\/2015-Stammeslager.pdf\" target=\"_blank\">Einladung<\/a><\/li>\n<li>das Anmeldeformular, das du bis zum 26. Juli 2015 abgegeben haben musst &#8211;\u00a0<a href=\"http:\/\/www.christophbeer.de\/data\/dpsg\/stamm_02\/wp-content\/uploads\/2015\/07\/2015-Stammeslager-Anmeldeformular.pdf\" target=\"_blank\">Anmeldeformular<\/a><\/li>\n<\/ul>\n<p><img loading=\"lazy\" decoding=\"async\" class=\" wp-image-999 aligncenter\" src=\"http:\/\/www.christophbeer.de\/data\/dpsg\/stamm_02\/wp-content\/uploads\/2015\/07\/Snoopy-Grillen.jpg\" alt=\"Snoopy Grillen\" width=\"200\" height=\"140\" srcset=\"https:\/\/www.christophbeer.de\/data\/dpsg\/stamm_02\/wp-content\/uploads\/2015\/07\/Snoopy-Grillen.jpg 338w, https:\/\/www.christophbeer.de\/data\/dpsg\/stamm_02\/wp-content\/uploads\/2015\/07\/Snoopy-Grillen-300x210.jpg 300w\" sizes=\"auto, (max-width: 200px) 100vw, 200px\" \/><\/p>\n","protected":false},"excerpt":{"rendered":"<p>&#8230; der Pfadfinder Neuhaus und Windischeschenbach! Liebe Pfadfinderinnen und Pfadfinder, in diesem Jahr werden die Pfadfinder Windischeschenbach und Neuhaus gemeinsam zelten fahren. Das wird bestimmt ein gro\u00dfer Spa\u00df, bei dem ihr auch viele neue Freunde kennenlernt. Das Zeltlager steht unter dem Motto \u201eDschungelcamp\u201c und wir werden zusammen viele spannende Abenteuer erleben. Datum: \u00a0\u00a0\u00a0\u00a0\u00a0\u00a0\u00a0\u00a0\u00a0 07. August [&hellip;]<\/p>\n","protected":false},"author":4,"featured_media":0,"comment_status":"closed","ping_status":"closed","sticky":false,"template":"","format":"standard","meta":{"footnotes":""},"categories":[40,25],"tags":[7,17,3,22],"class_list":["post-997","post","type-post","status-publish","format-standard","hentry","category-40","category-allgemeines","tag-aktion","tag-einladung","tag-stamm","tag-zeltlager"],"_links":{"self":[{"href":"https:\/\/www.christophbeer.de\/data\/dpsg\/stamm_02\/wp-json\/wp\/v2\/posts\/997","targetHints":{"allow":["GET"]}}],"collection":[{"href":"https:\/\/www.christophbeer.de\/data\/dpsg\/stamm_02\/wp-json\/wp\/v2\/posts"}],"about":[{"href":"https:\/\/www.christophbeer.de\/data\/dpsg\/stamm_02\/wp-json\/wp\/v2\/types\/post"}],"author":[{"embeddable":true,"href":"https:\/\/www.christophbeer.de\/data\/dpsg\/stamm_02\/wp-json\/wp\/v2\/users\/4"}],"replies":[{"embeddable":true,"href":"https:\/\/www.christophbeer.de\/data\/dpsg\/stamm_02\/wp-json\/wp\/v2\/comments?post=997"}],"version-history":[{"count":3,"href":"https:\/\/www.christophbeer.de\/data\/dpsg\/stamm_02\/wp-json\/wp\/v2\/posts\/997\/revisions"}],"predecessor-version":[{"id":1819,"href":"https:\/\/www.christophbeer.de\/data\/dpsg\/stamm_02\/wp-json\/wp\/v2\/posts\/997\/revisions\/1819"}],"wp:attachment":[{"href":"https:\/\/www.christophbeer.de\/data\/dpsg\/stamm_02\/wp-json\/wp\/v2\/media?parent=997"}],"wp:term":[{"taxonomy":"category","embeddable":true,"href":"https:\/\/www.christophbeer.de\/data\/dpsg\/stamm_02\/wp-json\/wp\/v2\/categories?post=997"},{"taxonomy":"post_tag","embeddable":true,"href":"https:\/\/www.christophbeer.de\/data\/dpsg\/stamm_02\/wp-json\/wp\/v2\/tags?post=997"}],"curies":[{"name":"wp","href":"https:\/\/api.w.org\/{rel}","templated":true}]}}